{"id":14350,"date":"2026-09-01T10:48:36","date_gmt":"2026-09-01T08:48:36","guid":{"rendered":"https:\/\/sijopuctutambeepilep.org\/blog\/quieres-que-tu-celebracion-sea-aun-mas-especial-y-solidaria\/"},"modified":"2026-09-02T17:05:16","modified_gmt":"2026-09-02T15:05:16","slug":"quieres-que-tu-celebracion-sea-aun-mas-especial-y-solidaria","status":"publish","type":"post","link":"https:\/\/sijopuctutambeepilep.org\/es\/blog\/quieres-que-tu-celebracion-sea-aun-mas-especial-y-solidaria\/","title":{"rendered":"\u00bfQuieres que tu celebraci\u00f3n sea a\u00fan m\u00e1s especial y solidaria?"},"content":{"rendered":"\n<p>Sea una boda, una comuni\u00f3n, una fiesta de cumplea\u00f1os o cualquier otra celebraci\u00f3n, puedes hacer que los detalles para tus invitados tengan tambi\u00e9n un impacto positivo. \ud83d\udc9c<\/p>\n\n<p>Si nos encargas los detalles, estar\u00e1s colaborando con la investigaci\u00f3n m\u00e9dica sobre la epilepsia y ayud\u00e1ndonos a seguir avanzando. \ud83d\udd2c\ud83d\udc9c <\/p>\n\n<p>Ponte en contacto con nosotros por redes sociales o escr\u00edbenos a sijopuctutambe.epilep@gmail.com y te explicaremos las opciones para que puedas escoger la que m\u00e1s te guste.<\/p>\n\n<p>\ud83d\ude4c REGALA SOLIDARIDAD! Porque cada celebraci\u00f3n puede ayudar a construir un futuro mejor. <\/p>\n\n<div class=\"wp-block-columns is-layout-flex wp-container-core-columns-is-layout-1 wp-block-columns-is-layout-flex\">\n<div class=\"wp-block-column is-layout-flow wp-block-column-is-layout-flow\">\n<figure class=\"wp-block-gallery has-nested-images columns-default is-cropped wp-block-gallery-1 is-layout-flex wp-block-gallery-is-layout-flex\">\n<figure class=\"wp-block-image size-large\"><img decoding=\"async\" width=\"576\" height=\"1024\" src=\"https:\/\/sijopuctutambeepilep.org\/wp-content\/uploads\/2026\/09\/vols-fer-unregal-solidari-576x1024.png\" alt=\"\" class=\"wp-image-14341\" srcset=\"https:\/\/sijopuctutambeepilep.org\/wp-content\/uploads\/2026\/09\/vols-fer-unregal-solidari-169x300.png 169w, https:\/\/sijopuctutambeepilep.org\/wp-content\/uploads\/2026\/09\/vols-fer-unregal-solidari-576x1024.png 576w, https:\/\/sijopuctutambeepilep.org\/wp-content\/uploads\/2026\/09\/vols-fer-unregal-solidari-768x1365.png 768w, https:\/\/sijopuctutambeepilep.org\/wp-content\/uploads\/2026\/09\/vols-fer-unregal-solidari-864x1536.png 864w, https:\/\/sijopuctutambeepilep.org\/wp-content\/uploads\/2026\/09\/vols-fer-unregal-solidari.png 1080w\" sizes=\"(max-width: 576px) 100vw, 576px\" \/><\/figure>\n<\/figure>\n<\/div>\n\n\n\n<div class=\"wp-block-column is-layout-flow wp-block-column-is-layout-flow\">\n<figure class=\"wp-block-image size-large\"><img decoding=\"async\" width=\"576\" height=\"1024\" src=\"https:\/\/sijopuctutambeepilep.org\/wp-content\/uploads\/2026\/09\/vols-fer-unregal-solidari-2-576x1024.png\" alt=\"\" class=\"wp-image-14343\" srcset=\"https:\/\/sijopuctutambeepilep.org\/wp-content\/uploads\/2026\/09\/vols-fer-unregal-solidari-2-169x300.png 169w, https:\/\/sijopuctutambeepilep.org\/wp-content\/uploads\/2026\/09\/vols-fer-unregal-solidari-2-576x1024.png 576w, https:\/\/sijopuctutambeepilep.org\/wp-content\/uploads\/2026\/09\/vols-fer-unregal-solidari-2-768x1365.png 768w, https:\/\/sijopuctutambeepilep.org\/wp-content\/uploads\/2026\/09\/vols-fer-unregal-solidari-2-864x1536.png 864w, https:\/\/sijopuctutambeepilep.org\/wp-content\/uploads\/2026\/09\/vols-fer-unregal-solidari-2.png 1080w\" sizes=\"(max-width: 576px) 100vw, 576px\" \/><\/figure>\n<\/div>\n\n\n\n<div class=\"wp-block-column is-layout-flow wp-block-column-is-layout-flow\">\n<figure class=\"wp-block-image size-large\"><img decoding=\"async\" width=\"576\" height=\"1024\" src=\"https:\/\/sijopuctutambeepilep.org\/wp-content\/uploads\/2026\/09\/vols-fer-unregal-solidari-3-576x1024.png\" alt=\"\" class=\"wp-image-14345\" srcset=\"https:\/\/sijopuctutambeepilep.org\/wp-content\/uploads\/2026\/09\/vols-fer-unregal-solidari-3-169x300.png 169w, https:\/\/sijopuctutambeepilep.org\/wp-content\/uploads\/2026\/09\/vols-fer-unregal-solidari-3-576x1024.png 576w, https:\/\/sijopuctutambeepilep.org\/wp-content\/uploads\/2026\/09\/vols-fer-unregal-solidari-3-768x1365.png 768w, https:\/\/sijopuctutambeepilep.org\/wp-content\/uploads\/2026\/09\/vols-fer-unregal-solidari-3-864x1536.png 864w, https:\/\/sijopuctutambeepilep.org\/wp-content\/uploads\/2026\/09\/vols-fer-unregal-solidari-3.png 1080w\" sizes=\"(max-width: 576px) 100vw, 576px\" \/><\/figure>\n<\/div>\n<\/div>\n\n<div class=\"wp-block-columns is-layout-flex wp-container-core-columns-is-layout-2 wp-block-columns-is-layout-flex\">\n<div class=\"wp-block-column is-layout-flow wp-block-column-is-layout-flow\">\n<figure class=\"wp-block-image size-large\"><img decoding=\"async\" width=\"576\" height=\"1024\" src=\"https:\/\/sijopuctutambeepilep.org\/wp-content\/uploads\/2026\/09\/vols-fer-unregal-solidari-4-576x1024.png\" alt=\"\" class=\"wp-image-14347\" srcset=\"https:\/\/sijopuctutambeepilep.org\/wp-content\/uploads\/2026\/09\/vols-fer-unregal-solidari-4-169x300.png 169w, https:\/\/sijopuctutambeepilep.org\/wp-content\/uploads\/2026\/09\/vols-fer-unregal-solidari-4-576x1024.png 576w, https:\/\/sijopuctutambeepilep.org\/wp-content\/uploads\/2026\/09\/vols-fer-unregal-solidari-4-768x1365.png 768w, https:\/\/sijopuctutambeepilep.org\/wp-content\/uploads\/2026\/09\/vols-fer-unregal-solidari-4-864x1536.png 864w, https:\/\/sijopuctutambeepilep.org\/wp-content\/uploads\/2026\/09\/vols-fer-unregal-solidari-4.png 1080w\" sizes=\"(max-width: 576px) 100vw, 576px\" \/><\/figure>\n<\/div>\n\n\n\n<div class=\"wp-block-column is-layout-flow wp-block-column-is-layout-flow\"><\/div>\n\n\n\n<div class=\"wp-block-column is-layout-flow wp-block-column-is-layout-flow\"><\/div>\n<\/div>\n","protected":false},"excerpt":{"rendered":"<p>Sea una boda, una comuni\u00f3n, una fiesta de cumplea\u00f1os o cualquier otra celebraci\u00f3n, puedes hacer que los detalles para tus invitados tengan tambi\u00e9n un impacto positivo. \ud83d\udc9c Si nos encargas los detalles, estar\u00e1s colaborando con &#8230; <a title=\"\u00bfQuieres que tu celebraci\u00f3n sea a\u00fan m\u00e1s especial y solidaria?\" class=\"read-more\" href=\"https:\/\/sijopuctutambeepilep.org\/es\/blog\/quieres-que-tu-celebracion-sea-aun-mas-especial-y-solidaria\/\" aria-label=\"Leer m\u00e1s sobre \u00bfQuieres que tu celebraci\u00f3n sea a\u00fan m\u00e1s especial y solidaria?\">Leer m\u00e1s<\/a><\/p>\n","protected":false},"author":9,"featured_media":14342,"comment_status":"closed","ping_status":"closed","sticky":false,"template":"","format":"standard","meta":{"_acf_changed":false,"footnotes":""},"categories":[146],"tags":[],"acf":[],"_links":{"self":[{"href":"https:\/\/sijopuctutambeepilep.org\/es\/wp-json\/wp\/v2\/posts\/14350"}],"collection":[{"href":"https:\/\/sijopuctutambeepilep.org\/es\/wp-json\/wp\/v2\/posts"}],"about":[{"href":"https:\/\/sijopuctutambeepilep.org\/es\/wp-json\/wp\/v2\/types\/post"}],"author":[{"embeddable":true,"href":"https:\/\/sijopuctutambeepilep.org\/es\/wp-json\/wp\/v2\/users\/9"}],"replies":[{"embeddable":true,"href":"https:\/\/sijopuctutambeepilep.org\/es\/wp-json\/wp\/v2\/comments?post=14350"}],"version-history":[{"count":1,"href":"https:\/\/sijopuctutambeepilep.org\/es\/wp-json\/wp\/v2\/posts\/14350\/revisions"}],"predecessor-version":[{"id":14351,"href":"https:\/\/sijopuctutambeepilep.org\/es\/wp-json\/wp\/v2\/posts\/14350\/revisions\/14351"}],"wp:featuredmedia":[{"embeddable":true,"href":"https:\/\/sijopuctutambeepilep.org\/es\/wp-json\/wp\/v2\/media\/14342"}],"wp:attachment":[{"href":"https:\/\/sijopuctutambeepilep.org\/es\/wp-json\/wp\/v2\/media?parent=14350"}],"wp:term":[{"taxonomy":"category","embeddable":true,"href":"https:\/\/sijopuctutambeepilep.org\/es\/wp-json\/wp\/v2\/categories?post=14350"},{"taxonomy":"post_tag","embeddable":true,"href":"https:\/\/sijopuctutambeepilep.org\/es\/wp-json\/wp\/v2\/tags?post=14350"}],"curies":[{"name":"wp","href":"https:\/\/api.w.org\/{rel}","templated":true}]}}